{"id":21,"date":"2025-07-21T11:37:51","date_gmt":"2025-07-21T09:37:51","guid":{"rendered":"https:\/\/theplaceyoutold.me\/about\/?p=21"},"modified":"2025-08-21T15:35:42","modified_gmt":"2025-08-21T13:35:42","slug":"fienescharp","status":"publish","type":"post","link":"https:\/\/theplaceyoutold.me\/about\/fienescharp\/","title":{"rendered":"Fiene Scharp"},"content":{"rendered":"Fiene Scharp studierte Bildende Kunst an der Universit\u00e4t der K\u00fcnste Berlin und Germanistik an der Humboldt-Universit\u00e4t zu Berlin. Sie war Stipendiatin der Stiftung Kunstfonds, der Konrad-Adenauer-Stiftung, der Dorothea-Konwiarz-Stiftung sowie des K\u00fcnstlerhauses Schloss Wiepersdorf und wurde mit mehreren Kunstpreisen ausgezeichnet.<br><br>\r\nIhre Arbeiten wurden in zahlreichen nationalen und internationalen Ausstellungen gezeigt, unter anderem im Museum f\u00fcr Konkrete Kunst Ingolstadt, im Kunstmuseum Stuttgart, im Museum Ritter, in der Kunsthalle Bremerhaven, im Gustav-L\u00fcbcke-Museum, im Design Museum Den Bosch (NL) und im Mus\u00e9e Charmey (CH).<br><br>\r\nSie wird von der Galerie Kuckei + Kuckei in Berlin vertreten.<br><br>\r\nIhre Arbeiten aus Papier, Haar und Grafit entstehen im Spannungsfeld von Ordnung und Abweichung, Struktur und St\u00f6rung. Durch pr\u00e4zise manuelle Eingriffe modifiziert sie Raster und greift subtil in vorgegebene Ordnungen ein. Was zun\u00e4chst regelm\u00e4\u00dfig und kontrolliert wirkt, offenbart bei n\u00e4herer Betrachtung kleinste Differenzen, Br\u00fcche und Spuren von Fragilit\u00e4t. Wahrnehmung wird dabei zu einem verlangsamten, aktiven Prozess.\r\n<br><br>\r\n<a href=\"https:\/\/fienescharp.de\/\" target=\"blank\">www.fienescharp.de<\/a>","protected":false},"excerpt":{"rendered":"Fiene Scharp studierte Bildende Kunst an der Universit\u00e4t der K\u00fcnste Berlin und Germanistik an der Humboldt-Universit\u00e4t zu Berlin. Sie war Stipendiatin der Stiftung Kunstfonds, der Konrad-Adenauer-Stiftung, der Dorothea-Konwiarz-Stiftung sowie des K\u00fcnstlerhauses Schloss Wiepersdorf und wurde mit mehreren Kunstpreisen ausgezeichnet. Ihre Arbeiten wurden in zahlreichen nationalen und internationalen Ausstellungen gezeigt, unter anderem im Museum f\u00fcr Konkrete [&hellip;]","protected":false},"author":1,"featured_media":496,"comment_status":"open","ping_status":"open","sticky":false,"template":"","format":"standard","meta":{"_acf_changed":false,"footnotes":""},"categories":[1],"tags":[],"class_list":["post-21","post","type-post","status-publish","format-standard","has-post-thumbnail","hentry","category-allgemein"],"acf":{"photo_gallery":{"images_on_posts":[[]]}},"_links":{"self":[{"href":"https:\/\/theplaceyoutold.me\/about\/wp-json\/wp\/v2\/posts\/21","targetHints":{"allow":["GET"]}}],"collection":[{"href":"https:\/\/theplaceyoutold.me\/about\/wp-json\/wp\/v2\/posts"}],"about":[{"href":"https:\/\/theplaceyoutold.me\/about\/wp-json\/wp\/v2\/types\/post"}],"author":[{"embeddable":true,"href":"https:\/\/theplaceyoutold.me\/about\/wp-json\/wp\/v2\/users\/1"}],"replies":[{"embeddable":true,"href":"https:\/\/theplaceyoutold.me\/about\/wp-json\/wp\/v2\/comments?post=21"}],"version-history":[{"count":13,"href":"https:\/\/theplaceyoutold.me\/about\/wp-json\/wp\/v2\/posts\/21\/revisions"}],"predecessor-version":[{"id":470,"href":"https:\/\/theplaceyoutold.me\/about\/wp-json\/wp\/v2\/posts\/21\/revisions\/470"}],"wp:featuredmedia":[{"embeddable":true,"href":"https:\/\/theplaceyoutold.me\/about\/wp-json\/wp\/v2\/media\/496"}],"wp:attachment":[{"href":"https:\/\/theplaceyoutold.me\/about\/wp-json\/wp\/v2\/media?parent=21"}],"wp:term":[{"taxonomy":"category","embeddable":true,"href":"https:\/\/theplaceyoutold.me\/about\/wp-json\/wp\/v2\/categories?post=21"},{"taxonomy":"post_tag","embeddable":true,"href":"https:\/\/theplaceyoutold.me\/about\/wp-json\/wp\/v2\/tags?post=21"}],"curies":[{"name":"wp","href":"https:\/\/api.w.org\/{rel}","templated":true}]}}